{"id":842,"date":"2022-03-25T10:09:36","date_gmt":"2022-03-25T08:09:36","guid":{"rendered":"https:\/\/www.traumatrucos.es\/?p=842"},"modified":"2022-03-25T10:11:02","modified_gmt":"2022-03-25T08:11:02","slug":"humanidad-sentido-comun-competencia-profesional","status":"publish","type":"post","link":"https:\/\/www.traumatrucos.es\/?p=842","title":{"rendered":"Humanidad, Sentido Com\u00fan, Competencia Profesional."},"content":{"rendered":"\n<p><strong>Y por este orden<\/strong>, son los pilares fundamentales de tu \u201cnoble oficio\u201d (sanitario), me escrib\u00eda en una dedicatoria un \u201cBuen Empresario\/Profesor\u201d que adem\u00e1s fue un \u201cEmpresario\/Profesor Bueno\u201d, que colabor\u00f3 estrechamente en el crecimiento de un proyecto empresarial que emplea a m\u00e1s de 400 personas, la mayor\u00eda discapacitados ps\u00edquicos, que en estos momentos se estudia en las principales escuelas de negocio del mundo y que este sue\u00f1o acaba de cumplir 40 a\u00f1os: \u201c <a href=\"https:\/\/www.fageda.com\/es\/\">LA FAGEDA<\/a>\u201d en Olot. Buque insignia de la Empresa Social, a la que dedic\u00f3 su discurso de ingreso en la REAL ACADEMIA DE DOCTORES EUROPEOS y que destacaba:\u00a0\u00a0\u00a0\u201cHay que reivindicar d\u00eda a d\u00eda la tarea de dirigir empresas haciendo no s\u00f3lo posible, sino imprescindible, el desarrollo de competencias para la eficacia y <span style=\"text-decoration: underline;\">valores para la justicia<\/span>\u201d (Jos\u00e9 Antonio Segarra Torres. Profesor IESE)<\/p>\n\n\n\n<p>Con estas lineas inici\u00e9 la carta que publiqu\u00e9 en el Diario de Navarra el 17\/03\/22. En dicha carta a\u00f1ad\u00eda varias reflexiones, consejos, herramientas, que creo no debieran perderse quienes, sean sanitarios o no,  van a dedicar o ya dedican su vida a tratar\/cuidar PERSONAS.<\/p>\n\n\n\n<figure class=\"wp-block-image size-full\"><a href=\"https:\/\/i0.wp.com\/www.traumatrucos.es\/wp-content\/uploads\/2022\/03\/Carta-DN-170322-1.jpeg?ssl=1\"><img data-recalc-dims=\"1\" loading=\"lazy\" decoding=\"async\" width=\"640\" height=\"399\" src=\"https:\/\/i0.wp.com\/www.traumatrucos.es\/wp-content\/uploads\/2022\/03\/Carta-DN-170322-1.jpeg?resize=640%2C399&#038;ssl=1\" alt=\"\" class=\"wp-image-845\" srcset=\"https:\/\/i0.wp.com\/www.traumatrucos.es\/wp-content\/uploads\/2022\/03\/Carta-DN-170322-1.jpeg?w=1019&amp;ssl=1 1019w, https:\/\/i0.wp.com\/www.traumatrucos.es\/wp-content\/uploads\/2022\/03\/Carta-DN-170322-1.jpeg?resize=300%2C187&amp;ssl=1 300w, https:\/\/i0.wp.com\/www.traumatrucos.es\/wp-content\/uploads\/2022\/03\/Carta-DN-170322-1.jpeg?resize=768%2C479&amp;ssl=1 768w\" sizes=\"auto, (max-width: 640px) 100vw, 640px\" \/><\/a><\/figure>\n\n\n\n<p><\/p>\n","protected":false},"excerpt":{"rendered":"<p>Y por este orden, son los pilares fundamentales de tu \u201cnoble oficio\u201d (sanitario), me escrib\u00eda en una dedicatoria un \u201cBuen Empresario\/Profesor\u201d que adem\u00e1s fue un \u201cEmpresario\/Profesor Bueno\u201d, que colabor\u00f3 estrechamente en el crecimiento de un proyecto empresarial que emplea a &hellip; <a href=\"https:\/\/www.traumatrucos.es\/?p=842\">Sigue leyendo <span class=\"meta-nav\">&rarr;<\/span><\/a><\/p>\n","protected":false},"author":1,"featured_media":0,"comment_status":"open","ping_status":"open","sticky":false,"template":"","format":"standard","meta":{"_monsterinsights_skip_tracking":false,"_monsterinsights_sitenote_active":false,"_monsterinsights_sitenote_note":"","_monsterinsights_sitenote_category":0,"jetpack_post_was_ever_published":false,"_jetpack_newsletter_access":"","_jetpack_dont_email_post_to_subs":false,"_jetpack_newsletter_tier_id":0,"_jetpack_memberships_contains_paywalled_content":false,"_jetpack_memberships_contains_paid_content":false,"footnotes":"","jetpack_publicize_message":"","jetpack_publicize_feature_enabled":true,"jetpack_social_post_already_shared":true,"jetpack_social_options":{"image_generator_settings":{"template":"highway","default_image_id":0,"font":"","enabled":false},"version":2}},"categories":[12,1],"tags":[107,108,105,109,106],"class_list":["post-842","post","type-post","status-publish","format-standard","hentry","category-articulos","category-general","tag-competencia-profesional","tag-discapacidad","tag-humanidad","tag-jose-segarra","tag-sentido-comun"],"jetpack_publicize_connections":[],"jetpack_featured_media_url":"","jetpack_sharing_enabled":true,"jetpack_shortlink":"https:\/\/wp.me\/p1eduY-dA","jetpack-related-posts":[],"jetpack_likes_enabled":true,"_links":{"self":[{"href":"https:\/\/www.traumatrucos.es\/index.php?rest_route=\/wp\/v2\/posts\/842","targetHints":{"allow":["GET"]}}],"collection":[{"href":"https:\/\/www.traumatrucos.es\/index.php?rest_route=\/wp\/v2\/posts"}],"about":[{"href":"https:\/\/www.traumatrucos.es\/index.php?rest_route=\/wp\/v2\/types\/post"}],"author":[{"embeddable":true,"href":"https:\/\/www.traumatrucos.es\/index.php?rest_route=\/wp\/v2\/users\/1"}],"replies":[{"embeddable":true,"href":"https:\/\/www.traumatrucos.es\/index.php?rest_route=%2Fwp%2Fv2%2Fcomments&post=842"}],"version-history":[{"count":2,"href":"https:\/\/www.traumatrucos.es\/index.php?rest_route=\/wp\/v2\/posts\/842\/revisions"}],"predecessor-version":[{"id":847,"href":"https:\/\/www.traumatrucos.es\/index.php?rest_route=\/wp\/v2\/posts\/842\/revisions\/847"}],"wp:attachment":[{"href":"https:\/\/www.traumatrucos.es\/index.php?rest_route=%2Fwp%2Fv2%2Fmedia&parent=842"}],"wp:term":[{"taxonomy":"category","embeddable":true,"href":"https:\/\/www.traumatrucos.es\/index.php?rest_route=%2Fwp%2Fv2%2Fcategories&post=842"},{"taxonomy":"post_tag","embeddable":true,"href":"https:\/\/www.traumatrucos.es\/index.php?rest_route=%2Fwp%2Fv2%2Ftags&post=842"}],"curies":[{"name":"wp","href":"https:\/\/api.w.org\/{rel}","templated":true}]}}